{"id":807,"date":"2024-05-14T17:34:46","date_gmt":"2024-05-14T17:34:46","guid":{"rendered":"https:\/\/chefdolar.online\/?p=807"},"modified":"2024-07-03T17:55:11","modified_gmt":"2024-07-03T17:55:11","slug":"muffin-de-banana-na-airfryer","status":"publish","type":"post","link":"https:\/\/chefdolar.online\/?p=807","title":{"rendered":"MUFFIN DE BANANA NA AIRFRYER"},"content":{"rendered":"\n<h5 class=\"wp-block-heading\">INGREDIENTES<\/h5>\n\n\n\n<ul class=\"wp-block-list\" id=\"recipe_bk_0_in\">\n<li>2 bananas-prata maduras<\/li>\n\n\n\n<li>2 ovos<\/li>\n\n\n\n<li>\u00bd x\u00edcara (ch\u00e1) de a\u00e7\u00facar demerara<\/li>\n\n\n\n<li>\u00bd x\u00edcara (ch\u00e1) de \u00f3leo<\/li>\n\n\n\n<li>\u00bc de x\u00edcara (ch\u00e1) de leite<\/li>\n\n\n\n<li>\u00bd colher (ch\u00e1) de canela em p\u00f3<\/li>\n\n\n\n<li>1 x\u00edcara (ch\u00e1) de farinha de trigo<\/li>\n\n\n\n<li>1 colher (ch\u00e1) de fermento em p\u00f3<\/li>\n\n\n\n<li>1 pitada de sal<\/li>\n\n\n\n<li>manteiga e farinha de trigo para untar as forminhas<\/li>\n\n\n\n<li>2 colheres (ch\u00e1) de a\u00e7\u00facar demerara para polvilhar<\/li>\n\n\n\n<li>1 pitada de canela em p\u00f3 para polvilhar<\/li>\n<\/ul>\n\n\n\n<p><\/p>\n\n\n\n<h5 class=\"wp-block-heading\">MODO DE PREPARO<\/h5>\n\n\n\n<ol class=\"wp-block-list\">\n<li>Unte com manteiga 9 forminhas m\u00e9dias para empada de 7 cm de di\u00e2metro de abertura, 4 cm de di\u00e2metro de base e 3 cm de altura. Polvilhe farinha de trigo, chacoalhe para espalhar e bata na pia para tirar o excesso.<\/li>\n<\/ol>\n\n\n\n<ol class=\"wp-block-list\">\n<li>Numa tigela, quebre um ovo de cada vez e transfira para outra tigela m\u00e9dia \u2014 se um deles estiver estragado voc\u00ea n\u00e3o perde o outro. Bata com o batedor de arame (ou com um garfo) apenas para misturar as claras com as gemas. Junte o a\u00e7\u00facar, a canela, o \u00f3leo, o leite e misture bem. Adicione a farinha e misture novamente.<\/li>\n\n\n\n<li>Corte cada banana em quartos, no sentido do comprimento, e fatie as l\u00e2minas em peda\u00e7os de 0,5 cm. Junte os peda\u00e7os \u00e0 massa e misture delicadamente com uma esp\u00e1tula. Por \u00faltimo, misture o fermento e o sal.<\/li>\n\n\n\n<li>Com uma concha, distribua a massa nas forminhas, deixando uma borda livre de cerca de 0,5 cm \u2014 as forminhas ficam bem cheinhas mesmo, porque os muffins crescem mais no centro.Com uma concha, distribua a massa nas forminhas, deixando uma borda livre de cerca de 0,5 cm \u2014 as forminhas ficam bem cheinhas mesmo, porque os muffins crescem mais no centro.<\/li>\n\n\n\n<li>Preaque\u00e7a a AirFryer Oven da linha Electrolux por Rita Lobo a 160 \u00baC e programe para assar por 15 minutos.<\/li>\n\n\n\n<li>Enquanto a AirFryer aquece, numa tigela pequena, misture as 2 colheres (ch\u00e1) de a\u00e7\u00facar demerara com a pitada de canela e polvilhe sobre os muffins.<\/li>\n\n\n\n<li>Distribua as forminhas nas duas grelhas da AirFryer, encaixe nas prateleiras e feche a porta. Ap\u00f3s 10 minutos, inverta as grelhas para que os bolinhos terminem de dourar e assem por igual durante os 5 minutos restantes \u2014 evite abrir a porta da AirFryer antes dos 10 minutos para que os bolinhos tenham crescido o suficiente e n\u00e3o murchem.<\/li>\n\n\n\n<li>Com um pano de prato (ou luva) retire as grelhas da AirFryer com os muffins assados e deixe amornar antes de desenformar e servir.<\/li>\n<\/ol>\n","protected":false},"excerpt":{"rendered":"<p>INGREDIENTES MODO DE PREPARO<\/p>\n","protected":false},"author":1,"featured_media":808,"comment_status":"open","ping_status":"open","sticky":true,"template":"","format":"standard","meta":{"colormag_page_container_layout":"default_layout","colormag_page_sidebar_layout":"default_layout","footnotes":""},"categories":[51],"tags":[33,68,63],"class_list":["post-807","post","type-post","status-publish","format-standard","has-post-thumbnail","hentry","category-bolinhos","tag-torta","tag-culinaria","tag-receita"],"aioseo_notices":[],"_links":{"self":[{"href":"https:\/\/chefdolar.online\/index.php?rest_route=\/wp\/v2\/posts\/807","targetHints":{"allow":["GET"]}}],"collection":[{"href":"https:\/\/chefdolar.online\/index.php?rest_route=\/wp\/v2\/posts"}],"about":[{"href":"https:\/\/chefdolar.online\/index.php?rest_route=\/wp\/v2\/types\/post"}],"author":[{"embeddable":true,"href":"https:\/\/chefdolar.online\/index.php?rest_route=\/wp\/v2\/users\/1"}],"replies":[{"embeddable":true,"href":"https:\/\/chefdolar.online\/index.php?rest_route=%2Fwp%2Fv2%2Fcomments&post=807"}],"version-history":[{"count":0,"href":"https:\/\/chefdolar.online\/index.php?rest_route=\/wp\/v2\/posts\/807\/revisions"}],"wp:featuredmedia":[{"embeddable":true,"href":"https:\/\/chefdolar.online\/index.php?rest_route=\/wp\/v2\/media\/808"}],"wp:attachment":[{"href":"https:\/\/chefdolar.online\/index.php?rest_route=%2Fwp%2Fv2%2Fmedia&parent=807"}],"wp:term":[{"taxonomy":"category","embeddable":true,"href":"https:\/\/chefdolar.online\/index.php?rest_route=%2Fwp%2Fv2%2Fcategories&post=807"},{"taxonomy":"post_tag","embeddable":true,"href":"https:\/\/chefdolar.online\/index.php?rest_route=%2Fwp%2Fv2%2Ftags&post=807"}],"curies":[{"name":"wp","href":"https:\/\/api.w.org\/{rel}","templated":true}]}}